{"id":28289,"date":"2022-03-25T08:23:51","date_gmt":"2022-03-25T08:23:51","guid":{"rendered":"https:\/\/joker.hr\/?p=28289"},"modified":"2022-03-25T09:01:18","modified_gmt":"2022-03-25T09:01:18","slug":"zaviri-u-proljetnu-kolekciju-optike-anda-i-osvoji-pogledom","status":"publish","type":"post","link":"https:\/\/joker.hr\/en\/novosti\/zaviri-u-proljetnu-kolekciju-optike-anda-i-osvoji-pogledom\/","title":{"rendered":"Zaviri u proljetnu kolekciju Optike Anda i osvoji pogledom!"},"content":{"rendered":"\n<p><\/p>\n\n\n\n<p>\u0160to se nosi ove sezone u svijetu nao\u010dala, otkrivaju omiljene Anda influencerice Daria, Ivana, Antea i Barbara u novoj kampanji #LoyeYourEyes. Prolje\u0107e je pravo vrijeme za pokret i nove izazove, a uz novu kolekciju nao\u010dala za prolje\u0107e\/ljeto 2022. osvajaj pogledom na svakom koraku. Fluorescentno zelena je boja sezona koja se sla\u017ee uz ba\u0161 sve modne modne stilove pa i grunge, glam, rock \u2013 u Optici Anda sve je mogu\u0107e! Brendovi kao \u0161to su Alexander McQueen, Balenciaga, Philipp Plein odva\u017eno se poigravaju s futuristi\u010dkim i avangardnim elementima, a me\u0111u klju\u010dnim modnim detaljima isti\u010du se lan\u010di\u0107i za nao\u010dale koje s lako\u0107om mo\u017eete kombinirati prema svom stilu.<\/p>\n\n\n\n<p>Uz klju\u010dne modne kombinacije koje \u0107e obilje\u017eiti po\u010detak sun\u010dane sezone, nao\u010dale su i dalje No1 modni dodatak koji osim \u0161to podi\u017ee svaki look \u2013 \u0161titi va\u0161e o\u010di! Koje god sun\u010dane nao\u010dale ili dioptrijske okvire odabere\u0161, nosi ih sa stilom i neka tvoj pogled govori umjesto tebe. Jeste li spremni prihvatiti nove trendove nao\u010dala i u\u010diniti ih svojima? #LoveYourEyes i pogledaj novu kolekciju Optike Anda te izaberi svoje savr\u0161ene sun\u010dane nao\u010dale!<\/p>\n\n\n\n<ul class=\"wp-block-gallery columns-3 is-cropped wp-block-gallery-1 is-layout-flex wp-block-gallery-is-layout-flex\"><li class=\"blocks-gallery-item\"><figure><img decoding=\"async\" width=\"1024\" height=\"614\" data-src=\"https:\/\/joker.hr\/wp-content\/uploads\/2022\/03\/Optika-Anda-Alexander-McQueen-AM0329S-1024x614.jpg\" alt=\"\" data-id=\"28292\" data-link=\"https:\/\/joker.hr\/?attachment_id=28292\" class=\"wp-image-28292 lazyload\" data-srcset=\"https:\/\/joker.hr\/wp-content\/uploads\/2022\/03\/Optika-Anda-Alexander-McQueen-AM0329S-1024x614.jpg 1024w, https:\/\/joker.hr\/wp-content\/uploads\/2022\/03\/Optika-Anda-Alexander-McQueen-AM0329S-300x180.jpg 300w, https:\/\/joker.hr\/wp-content\/uploads\/2022\/03\/Optika-Anda-Alexander-McQueen-AM0329S-768x461.jpg 768w, https:\/\/joker.hr\/wp-content\/uploads\/2022\/03\/Optika-Anda-Alexander-McQueen-AM0329S.jpg 1500w\" data-sizes=\"(max-width: 1024px) 100vw, 1024px\" src=\"data:image\/svg+xml;base64,PHN2ZyB3aWR0aD0iMSIgaGVpZ2h0PSIxIiB4bWxucz0iaHR0cDovL3d3dy53My5vcmcvMjAwMC9zdmciPjwvc3ZnPg==\" style=\"--smush-placeholder-width: 1024px; --smush-placeholder-aspect-ratio: 1024\/614;\" \/><\/figure><\/li><li class=\"blocks-gallery-item\"><figure><img decoding=\"async\" width=\"1024\" height=\"614\" data-src=\"https:\/\/joker.hr\/wp-content\/uploads\/2022\/03\/Optika-Anda-Balenciaga-BB0096s-1024x614.jpg\" alt=\"\" data-id=\"28294\" data-link=\"https:\/\/joker.hr\/?attachment_id=28294\" class=\"wp-image-28294 lazyload\" data-srcset=\"https:\/\/joker.hr\/wp-content\/uploads\/2022\/03\/Optika-Anda-Balenciaga-BB0096s-1024x614.jpg 1024w, https:\/\/joker.hr\/wp-content\/uploads\/2022\/03\/Optika-Anda-Balenciaga-BB0096s-300x180.jpg 300w, https:\/\/joker.hr\/wp-content\/uploads\/2022\/03\/Optika-Anda-Balenciaga-BB0096s-768x461.jpg 768w, https:\/\/joker.hr\/wp-content\/uploads\/2022\/03\/Optika-Anda-Balenciaga-BB0096s.jpg 1500w\" data-sizes=\"(max-width: 1024px) 100vw, 1024px\" src=\"data:image\/svg+xml;base64,PHN2ZyB3aWR0aD0iMSIgaGVpZ2h0PSIxIiB4bWxucz0iaHR0cDovL3d3dy53My5vcmcvMjAwMC9zdmciPjwvc3ZnPg==\" style=\"--smush-placeholder-width: 1024px; --smush-placeholder-aspect-ratio: 1024\/614;\" \/><\/figure><\/li><li class=\"blocks-gallery-item\"><figure><img decoding=\"async\" width=\"1024\" height=\"614\" data-src=\"https:\/\/joker.hr\/wp-content\/uploads\/2022\/03\/Optika-Anda-Balenciaga-BB0170O-1024x614.jpg\" alt=\"\" data-id=\"28296\" data-link=\"https:\/\/joker.hr\/?attachment_id=28296\" class=\"wp-image-28296 lazyload\" data-srcset=\"https:\/\/joker.hr\/wp-content\/uploads\/2022\/03\/Optika-Anda-Balenciaga-BB0170O-1024x614.jpg 1024w, https:\/\/joker.hr\/wp-content\/uploads\/2022\/03\/Optika-Anda-Balenciaga-BB0170O-300x180.jpg 300w, https:\/\/joker.hr\/wp-content\/uploads\/2022\/03\/Optika-Anda-Balenciaga-BB0170O-768x461.jpg 768w, https:\/\/joker.hr\/wp-content\/uploads\/2022\/03\/Optika-Anda-Balenciaga-BB0170O.jpg 1500w\" data-sizes=\"(max-width: 1024px) 100vw, 1024px\" src=\"data:image\/svg+xml;base64,PHN2ZyB3aWR0aD0iMSIgaGVpZ2h0PSIxIiB4bWxucz0iaHR0cDovL3d3dy53My5vcmcvMjAwMC9zdmciPjwvc3ZnPg==\" style=\"--smush-placeholder-width: 1024px; --smush-placeholder-aspect-ratio: 1024\/614;\" \/><\/figure><\/li><li class=\"blocks-gallery-item\"><figure><img decoding=\"async\" width=\"1024\" height=\"614\" data-src=\"https:\/\/joker.hr\/wp-content\/uploads\/2022\/03\/Optika-Anda-Balenciaga-BB0172O-1024x614.jpg\" alt=\"\" data-id=\"28298\" data-link=\"https:\/\/joker.hr\/?attachment_id=28298\" class=\"wp-image-28298 lazyload\" data-srcset=\"https:\/\/joker.hr\/wp-content\/uploads\/2022\/03\/Optika-Anda-Balenciaga-BB0172O-1024x614.jpg 1024w, https:\/\/joker.hr\/wp-content\/uploads\/2022\/03\/Optika-Anda-Balenciaga-BB0172O-300x180.jpg 300w, https:\/\/joker.hr\/wp-content\/uploads\/2022\/03\/Optika-Anda-Balenciaga-BB0172O-768x461.jpg 768w, https:\/\/joker.hr\/wp-content\/uploads\/2022\/03\/Optika-Anda-Balenciaga-BB0172O.jpg 1500w\" data-sizes=\"(max-width: 1024px) 100vw, 1024px\" src=\"data:image\/svg+xml;base64,PHN2ZyB3aWR0aD0iMSIgaGVpZ2h0PSIxIiB4bWxucz0iaHR0cDovL3d3dy53My5vcmcvMjAwMC9zdmciPjwvc3ZnPg==\" style=\"--smush-placeholder-width: 1024px; --smush-placeholder-aspect-ratio: 1024\/614;\" \/><\/figure><\/li><li class=\"blocks-gallery-item\"><figure><img decoding=\"async\" width=\"1024\" height=\"614\" data-src=\"https:\/\/joker.hr\/wp-content\/uploads\/2022\/03\/Optika-Anda-Balenciaga-BB0191s-1024x614.jpg\" alt=\"\" data-id=\"28300\" data-link=\"https:\/\/joker.hr\/?attachment_id=28300\" class=\"wp-image-28300 lazyload\" data-srcset=\"https:\/\/joker.hr\/wp-content\/uploads\/2022\/03\/Optika-Anda-Balenciaga-BB0191s-1024x614.jpg 1024w, https:\/\/joker.hr\/wp-content\/uploads\/2022\/03\/Optika-Anda-Balenciaga-BB0191s-300x180.jpg 300w, https:\/\/joker.hr\/wp-content\/uploads\/2022\/03\/Optika-Anda-Balenciaga-BB0191s-768x461.jpg 768w, https:\/\/joker.hr\/wp-content\/uploads\/2022\/03\/Optika-Anda-Balenciaga-BB0191s.jpg 1500w\" data-sizes=\"(max-width: 1024px) 100vw, 1024px\" src=\"data:image\/svg+xml;base64,PHN2ZyB3aWR0aD0iMSIgaGVpZ2h0PSIxIiB4bWxucz0iaHR0cDovL3d3dy53My5vcmcvMjAwMC9zdmciPjwvc3ZnPg==\" style=\"--smush-placeholder-width: 1024px; --smush-placeholder-aspect-ratio: 1024\/614;\" \/><\/figure><\/li><li class=\"blocks-gallery-item\"><figure><img decoding=\"async\" width=\"1024\" height=\"614\" data-src=\"https:\/\/joker.hr\/wp-content\/uploads\/2022\/03\/Optika-Anda-DolceGabbana-DG3354-1024x614.jpg\" alt=\"\" data-id=\"28302\" data-link=\"https:\/\/joker.hr\/?attachment_id=28302\" class=\"wp-image-28302 lazyload\" data-srcset=\"https:\/\/joker.hr\/wp-content\/uploads\/2022\/03\/Optika-Anda-DolceGabbana-DG3354-1024x614.jpg 1024w, https:\/\/joker.hr\/wp-content\/uploads\/2022\/03\/Optika-Anda-DolceGabbana-DG3354-300x180.jpg 300w, https:\/\/joker.hr\/wp-content\/uploads\/2022\/03\/Optika-Anda-DolceGabbana-DG3354-768x461.jpg 768w, https:\/\/joker.hr\/wp-content\/uploads\/2022\/03\/Optika-Anda-DolceGabbana-DG3354.jpg 1500w\" data-sizes=\"(max-width: 1024px) 100vw, 1024px\" src=\"data:image\/svg+xml;base64,PHN2ZyB3aWR0aD0iMSIgaGVpZ2h0PSIxIiB4bWxucz0iaHR0cDovL3d3dy53My5vcmcvMjAwMC9zdmciPjwvc3ZnPg==\" style=\"--smush-placeholder-width: 1024px; --smush-placeholder-aspect-ratio: 1024\/614;\" \/><\/figure><\/li><li class=\"blocks-gallery-item\"><figure><img decoding=\"async\" width=\"1024\" height=\"614\" data-src=\"https:\/\/joker.hr\/wp-content\/uploads\/2022\/03\/Optika-Anda-DolceGabbana-DG6177-1024x614.jpg\" alt=\"\" data-id=\"28304\" data-link=\"https:\/\/joker.hr\/?attachment_id=28304\" class=\"wp-image-28304 lazyload\" data-srcset=\"https:\/\/joker.hr\/wp-content\/uploads\/2022\/03\/Optika-Anda-DolceGabbana-DG6177-1024x614.jpg 1024w, https:\/\/joker.hr\/wp-content\/uploads\/2022\/03\/Optika-Anda-DolceGabbana-DG6177-300x180.jpg 300w, https:\/\/joker.hr\/wp-content\/uploads\/2022\/03\/Optika-Anda-DolceGabbana-DG6177-768x461.jpg 768w, https:\/\/joker.hr\/wp-content\/uploads\/2022\/03\/Optika-Anda-DolceGabbana-DG6177.jpg 1500w\" data-sizes=\"(max-width: 1024px) 100vw, 1024px\" src=\"data:image\/svg+xml;base64,PHN2ZyB3aWR0aD0iMSIgaGVpZ2h0PSIxIiB4bWxucz0iaHR0cDovL3d3dy53My5vcmcvMjAwMC9zdmciPjwvc3ZnPg==\" style=\"--smush-placeholder-width: 1024px; --smush-placeholder-aspect-ratio: 1024\/614;\" \/><\/figure><\/li><li class=\"blocks-gallery-item\"><figure><img decoding=\"async\" width=\"1024\" height=\"614\" data-src=\"https:\/\/joker.hr\/wp-content\/uploads\/2022\/03\/Optika-Anda-Gucci-GG1081S-1024x614.jpg\" alt=\"\" data-id=\"28306\" data-link=\"https:\/\/joker.hr\/?attachment_id=28306\" class=\"wp-image-28306 lazyload\" data-srcset=\"https:\/\/joker.hr\/wp-content\/uploads\/2022\/03\/Optika-Anda-Gucci-GG1081S-1024x614.jpg 1024w, https:\/\/joker.hr\/wp-content\/uploads\/2022\/03\/Optika-Anda-Gucci-GG1081S-300x180.jpg 300w, https:\/\/joker.hr\/wp-content\/uploads\/2022\/03\/Optika-Anda-Gucci-GG1081S-768x461.jpg 768w, https:\/\/joker.hr\/wp-content\/uploads\/2022\/03\/Optika-Anda-Gucci-GG1081S.jpg 1500w\" data-sizes=\"(max-width: 1024px) 100vw, 1024px\" src=\"data:image\/svg+xml;base64,PHN2ZyB3aWR0aD0iMSIgaGVpZ2h0PSIxIiB4bWxucz0iaHR0cDovL3d3dy53My5vcmcvMjAwMC9zdmciPjwvc3ZnPg==\" style=\"--smush-placeholder-width: 1024px; --smush-placeholder-aspect-ratio: 1024\/614;\" \/><\/figure><\/li><li class=\"blocks-gallery-item\"><figure><img decoding=\"async\" width=\"1024\" height=\"614\" data-src=\"https:\/\/joker.hr\/wp-content\/uploads\/2022\/03\/Optika-Anda-Gucci-GG1087S-1024x614.jpg\" alt=\"\" data-id=\"28308\" data-link=\"https:\/\/joker.hr\/?attachment_id=28308\" class=\"wp-image-28308 lazyload\" data-srcset=\"https:\/\/joker.hr\/wp-content\/uploads\/2022\/03\/Optika-Anda-Gucci-GG1087S-1024x614.jpg 1024w, https:\/\/joker.hr\/wp-content\/uploads\/2022\/03\/Optika-Anda-Gucci-GG1087S-300x180.jpg 300w, https:\/\/joker.hr\/wp-content\/uploads\/2022\/03\/Optika-Anda-Gucci-GG1087S-768x461.jpg 768w, https:\/\/joker.hr\/wp-content\/uploads\/2022\/03\/Optika-Anda-Gucci-GG1087S.jpg 1500w\" data-sizes=\"(max-width: 1024px) 100vw, 1024px\" src=\"data:image\/svg+xml;base64,PHN2ZyB3aWR0aD0iMSIgaGVpZ2h0PSIxIiB4bWxucz0iaHR0cDovL3d3dy53My5vcmcvMjAwMC9zdmciPjwvc3ZnPg==\" style=\"--smush-placeholder-width: 1024px; --smush-placeholder-aspect-ratio: 1024\/614;\" \/><\/figure><\/li><li class=\"blocks-gallery-item\"><figure><img decoding=\"async\" width=\"1024\" height=\"614\" data-src=\"https:\/\/joker.hr\/wp-content\/uploads\/2022\/03\/Optika-Anda-Philipp-Plein2-1024x614.jpg\" alt=\"\" data-id=\"28310\" data-link=\"https:\/\/joker.hr\/?attachment_id=28310\" class=\"wp-image-28310 lazyload\" data-srcset=\"https:\/\/joker.hr\/wp-content\/uploads\/2022\/03\/Optika-Anda-Philipp-Plein2-1024x614.jpg 1024w, https:\/\/joker.hr\/wp-content\/uploads\/2022\/03\/Optika-Anda-Philipp-Plein2-300x180.jpg 300w, https:\/\/joker.hr\/wp-content\/uploads\/2022\/03\/Optika-Anda-Philipp-Plein2-768x461.jpg 768w, https:\/\/joker.hr\/wp-content\/uploads\/2022\/03\/Optika-Anda-Philipp-Plein2.jpg 1500w\" data-sizes=\"(max-width: 1024px) 100vw, 1024px\" src=\"data:image\/svg+xml;base64,PHN2ZyB3aWR0aD0iMSIgaGVpZ2h0PSIxIiB4bWxucz0iaHR0cDovL3d3dy53My5vcmcvMjAwMC9zdmciPjwvc3ZnPg==\" style=\"--smush-placeholder-width: 1024px; --smush-placeholder-aspect-ratio: 1024\/614;\" \/><\/figure><\/li><li class=\"blocks-gallery-item\"><figure><img decoding=\"async\" width=\"1024\" height=\"614\" data-src=\"https:\/\/joker.hr\/wp-content\/uploads\/2022\/03\/Optika-Anda-Philipp-Plein-1-1024x614.jpg\" alt=\"\" data-id=\"28312\" data-link=\"https:\/\/joker.hr\/?attachment_id=28312\" class=\"wp-image-28312 lazyload\" data-srcset=\"https:\/\/joker.hr\/wp-content\/uploads\/2022\/03\/Optika-Anda-Philipp-Plein-1-1024x614.jpg 1024w, https:\/\/joker.hr\/wp-content\/uploads\/2022\/03\/Optika-Anda-Philipp-Plein-1-300x180.jpg 300w, https:\/\/joker.hr\/wp-content\/uploads\/2022\/03\/Optika-Anda-Philipp-Plein-1-768x461.jpg 768w, https:\/\/joker.hr\/wp-content\/uploads\/2022\/03\/Optika-Anda-Philipp-Plein-1.jpg 1500w\" data-sizes=\"(max-width: 1024px) 100vw, 1024px\" src=\"data:image\/svg+xml;base64,PHN2ZyB3aWR0aD0iMSIgaGVpZ2h0PSIxIiB4bWxucz0iaHR0cDovL3d3dy53My5vcmcvMjAwMC9zdmciPjwvc3ZnPg==\" style=\"--smush-placeholder-width: 1024px; --smush-placeholder-aspect-ratio: 1024\/614;\" \/><\/figure><\/li><li class=\"blocks-gallery-item\"><figure><img decoding=\"async\" width=\"1024\" height=\"614\" data-src=\"https:\/\/joker.hr\/wp-content\/uploads\/2022\/03\/Optika-Anda-Prada-PR-15YS-1024x614.jpg\" alt=\"\" data-id=\"28314\" data-link=\"https:\/\/joker.hr\/?attachment_id=28314\" class=\"wp-image-28314 lazyload\" data-srcset=\"https:\/\/joker.hr\/wp-content\/uploads\/2022\/03\/Optika-Anda-Prada-PR-15YS-1024x614.jpg 1024w, https:\/\/joker.hr\/wp-content\/uploads\/2022\/03\/Optika-Anda-Prada-PR-15YS-300x180.jpg 300w, https:\/\/joker.hr\/wp-content\/uploads\/2022\/03\/Optika-Anda-Prada-PR-15YS-768x461.jpg 768w, https:\/\/joker.hr\/wp-content\/uploads\/2022\/03\/Optika-Anda-Prada-PR-15YS.jpg 1500w\" data-sizes=\"(max-width: 1024px) 100vw, 1024px\" src=\"data:image\/svg+xml;base64,PHN2ZyB3aWR0aD0iMSIgaGVpZ2h0PSIxIiB4bWxucz0iaHR0cDovL3d3dy53My5vcmcvMjAwMC9zdmciPjwvc3ZnPg==\" style=\"--smush-placeholder-width: 1024px; --smush-placeholder-aspect-ratio: 1024\/614;\" \/><\/figure><\/li><li class=\"blocks-gallery-item\"><figure><img decoding=\"async\" width=\"1024\" height=\"614\" data-src=\"https:\/\/joker.hr\/wp-content\/uploads\/2022\/03\/Optika-Anda-Prada-PR-23YS-1024x614.jpg\" alt=\"\" data-id=\"28316\" data-link=\"https:\/\/joker.hr\/?attachment_id=28316\" class=\"wp-image-28316 lazyload\" data-srcset=\"https:\/\/joker.hr\/wp-content\/uploads\/2022\/03\/Optika-Anda-Prada-PR-23YS-1024x614.jpg 1024w, https:\/\/joker.hr\/wp-content\/uploads\/2022\/03\/Optika-Anda-Prada-PR-23YS-300x180.jpg 300w, https:\/\/joker.hr\/wp-content\/uploads\/2022\/03\/Optika-Anda-Prada-PR-23YS-768x461.jpg 768w, https:\/\/joker.hr\/wp-content\/uploads\/2022\/03\/Optika-Anda-Prada-PR-23YS.jpg 1500w\" data-sizes=\"(max-width: 1024px) 100vw, 1024px\" src=\"data:image\/svg+xml;base64,PHN2ZyB3aWR0aD0iMSIgaGVpZ2h0PSIxIiB4bWxucz0iaHR0cDovL3d3dy53My5vcmcvMjAwMC9zdmciPjwvc3ZnPg==\" style=\"--smush-placeholder-width: 1024px; --smush-placeholder-aspect-ratio: 1024\/614;\" \/><\/figure><\/li><li class=\"blocks-gallery-item\"><figure><img decoding=\"async\" width=\"1024\" height=\"614\" data-src=\"https:\/\/joker.hr\/wp-content\/uploads\/2022\/03\/Optika-Anda-Saint-Laurent-SL-M103-1024x614.jpg\" alt=\"\" data-id=\"28318\" data-link=\"https:\/\/joker.hr\/?attachment_id=28318\" class=\"wp-image-28318 lazyload\" data-srcset=\"https:\/\/joker.hr\/wp-content\/uploads\/2022\/03\/Optika-Anda-Saint-Laurent-SL-M103-1024x614.jpg 1024w, https:\/\/joker.hr\/wp-content\/uploads\/2022\/03\/Optika-Anda-Saint-Laurent-SL-M103-300x180.jpg 300w, https:\/\/joker.hr\/wp-content\/uploads\/2022\/03\/Optika-Anda-Saint-Laurent-SL-M103-768x461.jpg 768w, https:\/\/joker.hr\/wp-content\/uploads\/2022\/03\/Optika-Anda-Saint-Laurent-SL-M103.jpg 1500w\" data-sizes=\"(max-width: 1024px) 100vw, 1024px\" src=\"data:image\/svg+xml;base64,PHN2ZyB3aWR0aD0iMSIgaGVpZ2h0PSIxIiB4bWxucz0iaHR0cDovL3d3dy53My5vcmcvMjAwMC9zdmciPjwvc3ZnPg==\" style=\"--smush-placeholder-width: 1024px; --smush-placeholder-aspect-ratio: 1024\/614;\" \/><\/figure><\/li><\/ul>\n","protected":false},"excerpt":{"rendered":"<p>\u0160to se nosi ove sezone u svijetu nao\u010dala, otkrivaju omiljene Anda influencerice Daria, Ivana, Antea i Barbara u novoj kampanji #LoyeYourEyes. Prolje\u0107e je pravo vrijeme za pokret i nove izazove, a uz novu kolekciju nao\u010dala za prolje\u0107e\/ljeto 2022. osvajaj pogledom na svakom koraku. Fluorescentno zelena je boja sezona koja se sla\u017ee uz ba\u0161 sve modne [&hellip;]<\/p>\n","protected":false},"author":3,"featured_media":28325,"comment_status":"open","ping_status":"open","sticky":false,"template":"","format":"standard","meta":{"_acf_changed":false,"footnotes":""},"categories":[36],"tags":[],"class_list":["post-28289","post","type-post","status-publish","format-standard","has-post-thumbnail","hentry","category-kolekcije"],"acf":[],"yoast_head":"<!-- This site is optimized with the Yoast SEO plugin v26.8 - https:\/\/yoast.com\/product\/yoast-seo-wordpress\/ -->\n<title>Zaviri u proljetnu kolekciju Optike Anda i osvoji pogledom! - Joker.hr<\/title>\n<meta name=\"description\" content=\"\u0160to se nosi ove sezone u svijetu nao\u010dala, otkrivaju omiljene Anda influencerice Daria, Ivana, Antea i Barbara u novoj kampanji #LoyeYourEyes.\" \/>\n<meta name=\"robots\" content=\"index, follow, max-snippet:-1, max-image-preview:large, max-video-preview:-1\" \/>\n<link rel=\"canonical\" href=\"https:\/\/joker.hr\/novosti\/zaviri-u-proljetnu-kolekciju-optike-anda-i-osvoji-pogledom\/\" \/>\n<meta property=\"og:locale\" content=\"en_US\" \/>\n<meta property=\"og:type\" content=\"article\" \/>\n<meta property=\"og:title\" content=\"Zaviri u proljetnu kolekciju Optike Anda i osvoji pogledom! - Joker.hr\" \/>\n<meta property=\"og:description\" content=\"\u0160to se nosi ove sezone u svijetu nao\u010dala, otkrivaju omiljene Anda influencerice Daria, Ivana, Antea i Barbara u novoj kampanji #LoyeYourEyes.\" \/>\n<meta property=\"og:url\" content=\"https:\/\/joker.hr\/novosti\/zaviri-u-proljetnu-kolekciju-optike-anda-i-osvoji-pogledom\/\" \/>\n<meta property=\"og:site_name\" content=\"Joker.hr\" \/>\n<meta property=\"article:publisher\" content=\"https:\/\/www.facebook.com\/jokersplit\/?ref=br_rs\" \/>\n<meta property=\"article:published_time\" content=\"2022-03-25T08:23:51+00:00\" \/>\n<meta property=\"article:modified_time\" content=\"2022-03-25T09:01:18+00:00\" \/>\n<meta property=\"og:image\" content=\"https:\/\/joker.hr\/wp-content\/uploads\/2022\/03\/850x478-px.jpg\" \/>\n\t<meta property=\"og:image:width\" content=\"850\" \/>\n\t<meta property=\"og:image:height\" content=\"478\" \/>\n\t<meta property=\"og:image:type\" content=\"image\/jpeg\" \/>\n<meta name=\"author\" content=\"Tanja Jadre\u0161i\u0107\" \/>\n<meta name=\"twitter:card\" content=\"summary_large_image\" \/>\n<meta name=\"twitter:label1\" content=\"Written by\" \/>\n\t<meta name=\"twitter:data1\" content=\"Tanja Jadre\u0161i\u0107\" \/>\n\t<meta name=\"twitter:label2\" content=\"Est. reading time\" \/>\n\t<meta name=\"twitter:data2\" content=\"1 minute\" \/>\n<script type=\"application\/ld+json\" class=\"yoast-schema-graph\">{\"@context\":\"https:\/\/schema.org\",\"@graph\":[{\"@type\":\"Article\",\"@id\":\"https:\/\/joker.hr\/novosti\/zaviri-u-proljetnu-kolekciju-optike-anda-i-osvoji-pogledom\/#article\",\"isPartOf\":{\"@id\":\"https:\/\/joker.hr\/novosti\/zaviri-u-proljetnu-kolekciju-optike-anda-i-osvoji-pogledom\/\"},\"author\":{\"name\":\"Tanja Jadre\u0161i\u0107\",\"@id\":\"https:\/\/joker.hr\/#\/schema\/person\/8af80cfeb69f4da6e5031475c7fd08d0\"},\"headline\":\"Zaviri u proljetnu kolekciju Optike Anda i osvoji pogledom!\",\"datePublished\":\"2022-03-25T08:23:51+00:00\",\"dateModified\":\"2022-03-25T09:01:18+00:00\",\"mainEntityOfPage\":{\"@id\":\"https:\/\/joker.hr\/novosti\/zaviri-u-proljetnu-kolekciju-optike-anda-i-osvoji-pogledom\/\"},\"wordCount\":212,\"commentCount\":0,\"publisher\":{\"@id\":\"https:\/\/joker.hr\/#organization\"},\"image\":{\"@id\":\"https:\/\/joker.hr\/novosti\/zaviri-u-proljetnu-kolekciju-optike-anda-i-osvoji-pogledom\/#primaryimage\"},\"thumbnailUrl\":\"https:\/\/joker.hr\/wp-content\/uploads\/2022\/03\/850x478-px.jpg\",\"articleSection\":[\"Kolekcije\"],\"inLanguage\":\"en-US\",\"potentialAction\":[{\"@type\":\"CommentAction\",\"name\":\"Comment\",\"target\":[\"https:\/\/joker.hr\/novosti\/zaviri-u-proljetnu-kolekciju-optike-anda-i-osvoji-pogledom\/#respond\"]}]},{\"@type\":\"WebPage\",\"@id\":\"https:\/\/joker.hr\/novosti\/zaviri-u-proljetnu-kolekciju-optike-anda-i-osvoji-pogledom\/\",\"url\":\"https:\/\/joker.hr\/novosti\/zaviri-u-proljetnu-kolekciju-optike-anda-i-osvoji-pogledom\/\",\"name\":\"Zaviri u proljetnu kolekciju Optike Anda i osvoji pogledom! - Joker.hr\",\"isPartOf\":{\"@id\":\"https:\/\/joker.hr\/#website\"},\"primaryImageOfPage\":{\"@id\":\"https:\/\/joker.hr\/novosti\/zaviri-u-proljetnu-kolekciju-optike-anda-i-osvoji-pogledom\/#primaryimage\"},\"image\":{\"@id\":\"https:\/\/joker.hr\/novosti\/zaviri-u-proljetnu-kolekciju-optike-anda-i-osvoji-pogledom\/#primaryimage\"},\"thumbnailUrl\":\"https:\/\/joker.hr\/wp-content\/uploads\/2022\/03\/850x478-px.jpg\",\"datePublished\":\"2022-03-25T08:23:51+00:00\",\"dateModified\":\"2022-03-25T09:01:18+00:00\",\"description\":\"\u0160to se nosi ove sezone u svijetu nao\u010dala, otkrivaju omiljene Anda influencerice Daria, Ivana, Antea i Barbara u novoj kampanji #LoyeYourEyes.\",\"breadcrumb\":{\"@id\":\"https:\/\/joker.hr\/novosti\/zaviri-u-proljetnu-kolekciju-optike-anda-i-osvoji-pogledom\/#breadcrumb\"},\"inLanguage\":\"en-US\",\"potentialAction\":[{\"@type\":\"ReadAction\",\"target\":[\"https:\/\/joker.hr\/novosti\/zaviri-u-proljetnu-kolekciju-optike-anda-i-osvoji-pogledom\/\"]}]},{\"@type\":\"ImageObject\",\"inLanguage\":\"en-US\",\"@id\":\"https:\/\/joker.hr\/novosti\/zaviri-u-proljetnu-kolekciju-optike-anda-i-osvoji-pogledom\/#primaryimage\",\"url\":\"https:\/\/joker.hr\/wp-content\/uploads\/2022\/03\/850x478-px.jpg\",\"contentUrl\":\"https:\/\/joker.hr\/wp-content\/uploads\/2022\/03\/850x478-px.jpg\",\"width\":850,\"height\":478},{\"@type\":\"BreadcrumbList\",\"@id\":\"https:\/\/joker.hr\/novosti\/zaviri-u-proljetnu-kolekciju-optike-anda-i-osvoji-pogledom\/#breadcrumb\",\"itemListElement\":[{\"@type\":\"ListItem\",\"position\":1,\"name\":\"Po\u010detna stranica\",\"item\":\"https:\/\/joker.hr\/\"},{\"@type\":\"ListItem\",\"position\":2,\"name\":\"Zaviri u proljetnu kolekciju Optike Anda i osvoji pogledom!\"}]},{\"@type\":\"WebSite\",\"@id\":\"https:\/\/joker.hr\/#website\",\"url\":\"https:\/\/joker.hr\/\",\"name\":\"Joker.hr\",\"description\":\"Shopping centar u centru Splita s velikom ponudom odje\u0107e, obu\u0107e, sportske opreme, namje\u0161taja i elektronike, uz najbolje popuste i akcije.\",\"publisher\":{\"@id\":\"https:\/\/joker.hr\/#organization\"},\"potentialAction\":[{\"@type\":\"SearchAction\",\"target\":{\"@type\":\"EntryPoint\",\"urlTemplate\":\"https:\/\/joker.hr\/?s={search_term_string}\"},\"query-input\":{\"@type\":\"PropertyValueSpecification\",\"valueRequired\":true,\"valueName\":\"search_term_string\"}}],\"inLanguage\":\"en-US\"},{\"@type\":\"Organization\",\"@id\":\"https:\/\/joker.hr\/#organization\",\"name\":\"Joker\",\"url\":\"https:\/\/joker.hr\/\",\"logo\":{\"@type\":\"ImageObject\",\"inLanguage\":\"en-US\",\"@id\":\"https:\/\/joker.hr\/#\/schema\/logo\/image\/\",\"url\":\"https:\/\/joker.hr\/wp-content\/uploads\/2019\/07\/joker-logo.svg\",\"contentUrl\":\"https:\/\/joker.hr\/wp-content\/uploads\/2019\/07\/joker-logo.svg\",\"width\":1,\"height\":1,\"caption\":\"Joker\"},\"image\":{\"@id\":\"https:\/\/joker.hr\/#\/schema\/logo\/image\/\"},\"sameAs\":[\"https:\/\/www.facebook.com\/jokersplit\/?ref=br_rs\"]},{\"@type\":\"Person\",\"@id\":\"https:\/\/joker.hr\/#\/schema\/person\/8af80cfeb69f4da6e5031475c7fd08d0\",\"name\":\"Tanja Jadre\u0161i\u0107\",\"image\":{\"@type\":\"ImageObject\",\"inLanguage\":\"en-US\",\"@id\":\"https:\/\/joker.hr\/#\/schema\/person\/image\/\",\"url\":\"https:\/\/joker.hr\/wp-content\/wphb-cache\/gravatar\/9dd\/9dd24e6edaa5e0936f2c73cc64689ba9x96.jpg\",\"contentUrl\":\"https:\/\/joker.hr\/wp-content\/wphb-cache\/gravatar\/9dd\/9dd24e6edaa5e0936f2c73cc64689ba9x96.jpg\",\"caption\":\"Tanja Jadre\u0161i\u0107\"},\"url\":\"https:\/\/joker.hr\/en\/novosti\/author\/tanja\/\"}]}<\/script>\n<!-- \/ Yoast SEO plugin. -->","yoast_head_json":{"title":"Zaviri u proljetnu kolekciju Optike Anda i osvoji pogledom! - Joker.hr","description":"\u0160to se nosi ove sezone u svijetu nao\u010dala, otkrivaju omiljene Anda influencerice Daria, Ivana, Antea i Barbara u novoj kampanji #LoyeYourEyes.","robots":{"index":"index","follow":"follow","max-snippet":"max-snippet:-1","max-image-preview":"max-image-preview:large","max-video-preview":"max-video-preview:-1"},"canonical":"https:\/\/joker.hr\/novosti\/zaviri-u-proljetnu-kolekciju-optike-anda-i-osvoji-pogledom\/","og_locale":"en_US","og_type":"article","og_title":"Zaviri u proljetnu kolekciju Optike Anda i osvoji pogledom! - Joker.hr","og_description":"\u0160to se nosi ove sezone u svijetu nao\u010dala, otkrivaju omiljene Anda influencerice Daria, Ivana, Antea i Barbara u novoj kampanji #LoyeYourEyes.","og_url":"https:\/\/joker.hr\/novosti\/zaviri-u-proljetnu-kolekciju-optike-anda-i-osvoji-pogledom\/","og_site_name":"Joker.hr","article_publisher":"https:\/\/www.facebook.com\/jokersplit\/?ref=br_rs","article_published_time":"2022-03-25T08:23:51+00:00","article_modified_time":"2022-03-25T09:01:18+00:00","og_image":[{"width":850,"height":478,"url":"https:\/\/joker.hr\/wp-content\/uploads\/2022\/03\/850x478-px.jpg","type":"image\/jpeg"}],"author":"Tanja Jadre\u0161i\u0107","twitter_card":"summary_large_image","twitter_misc":{"Written by":"Tanja Jadre\u0161i\u0107","Est. reading time":"1 minute"},"schema":{"@context":"https:\/\/schema.org","@graph":[{"@type":"Article","@id":"https:\/\/joker.hr\/novosti\/zaviri-u-proljetnu-kolekciju-optike-anda-i-osvoji-pogledom\/#article","isPartOf":{"@id":"https:\/\/joker.hr\/novosti\/zaviri-u-proljetnu-kolekciju-optike-anda-i-osvoji-pogledom\/"},"author":{"name":"Tanja Jadre\u0161i\u0107","@id":"https:\/\/joker.hr\/#\/schema\/person\/8af80cfeb69f4da6e5031475c7fd08d0"},"headline":"Zaviri u proljetnu kolekciju Optike Anda i osvoji pogledom!","datePublished":"2022-03-25T08:23:51+00:00","dateModified":"2022-03-25T09:01:18+00:00","mainEntityOfPage":{"@id":"https:\/\/joker.hr\/novosti\/zaviri-u-proljetnu-kolekciju-optike-anda-i-osvoji-pogledom\/"},"wordCount":212,"commentCount":0,"publisher":{"@id":"https:\/\/joker.hr\/#organization"},"image":{"@id":"https:\/\/joker.hr\/novosti\/zaviri-u-proljetnu-kolekciju-optike-anda-i-osvoji-pogledom\/#primaryimage"},"thumbnailUrl":"https:\/\/joker.hr\/wp-content\/uploads\/2022\/03\/850x478-px.jpg","articleSection":["Kolekcije"],"inLanguage":"en-US","potentialAction":[{"@type":"CommentAction","name":"Comment","target":["https:\/\/joker.hr\/novosti\/zaviri-u-proljetnu-kolekciju-optike-anda-i-osvoji-pogledom\/#respond"]}]},{"@type":"WebPage","@id":"https:\/\/joker.hr\/novosti\/zaviri-u-proljetnu-kolekciju-optike-anda-i-osvoji-pogledom\/","url":"https:\/\/joker.hr\/novosti\/zaviri-u-proljetnu-kolekciju-optike-anda-i-osvoji-pogledom\/","name":"Zaviri u proljetnu kolekciju Optike Anda i osvoji pogledom! - Joker.hr","isPartOf":{"@id":"https:\/\/joker.hr\/#website"},"primaryImageOfPage":{"@id":"https:\/\/joker.hr\/novosti\/zaviri-u-proljetnu-kolekciju-optike-anda-i-osvoji-pogledom\/#primaryimage"},"image":{"@id":"https:\/\/joker.hr\/novosti\/zaviri-u-proljetnu-kolekciju-optike-anda-i-osvoji-pogledom\/#primaryimage"},"thumbnailUrl":"https:\/\/joker.hr\/wp-content\/uploads\/2022\/03\/850x478-px.jpg","datePublished":"2022-03-25T08:23:51+00:00","dateModified":"2022-03-25T09:01:18+00:00","description":"\u0160to se nosi ove sezone u svijetu nao\u010dala, otkrivaju omiljene Anda influencerice Daria, Ivana, Antea i Barbara u novoj kampanji #LoyeYourEyes.","breadcrumb":{"@id":"https:\/\/joker.hr\/novosti\/zaviri-u-proljetnu-kolekciju-optike-anda-i-osvoji-pogledom\/#breadcrumb"},"inLanguage":"en-US","potentialAction":[{"@type":"ReadAction","target":["https:\/\/joker.hr\/novosti\/zaviri-u-proljetnu-kolekciju-optike-anda-i-osvoji-pogledom\/"]}]},{"@type":"ImageObject","inLanguage":"en-US","@id":"https:\/\/joker.hr\/novosti\/zaviri-u-proljetnu-kolekciju-optike-anda-i-osvoji-pogledom\/#primaryimage","url":"https:\/\/joker.hr\/wp-content\/uploads\/2022\/03\/850x478-px.jpg","contentUrl":"https:\/\/joker.hr\/wp-content\/uploads\/2022\/03\/850x478-px.jpg","width":850,"height":478},{"@type":"BreadcrumbList","@id":"https:\/\/joker.hr\/novosti\/zaviri-u-proljetnu-kolekciju-optike-anda-i-osvoji-pogledom\/#breadcrumb","itemListElement":[{"@type":"ListItem","position":1,"name":"Po\u010detna stranica","item":"https:\/\/joker.hr\/"},{"@type":"ListItem","position":2,"name":"Zaviri u proljetnu kolekciju Optike Anda i osvoji pogledom!"}]},{"@type":"WebSite","@id":"https:\/\/joker.hr\/#website","url":"https:\/\/joker.hr\/","name":"Joker.hr","description":"Shopping centar u centru Splita s velikom ponudom odje\u0107e, obu\u0107e, sportske opreme, namje\u0161taja i elektronike, uz najbolje popuste i akcije.","publisher":{"@id":"https:\/\/joker.hr\/#organization"},"potentialAction":[{"@type":"SearchAction","target":{"@type":"EntryPoint","urlTemplate":"https:\/\/joker.hr\/?s={search_term_string}"},"query-input":{"@type":"PropertyValueSpecification","valueRequired":true,"valueName":"search_term_string"}}],"inLanguage":"en-US"},{"@type":"Organization","@id":"https:\/\/joker.hr\/#organization","name":"Joker","url":"https:\/\/joker.hr\/","logo":{"@type":"ImageObject","inLanguage":"en-US","@id":"https:\/\/joker.hr\/#\/schema\/logo\/image\/","url":"https:\/\/joker.hr\/wp-content\/uploads\/2019\/07\/joker-logo.svg","contentUrl":"https:\/\/joker.hr\/wp-content\/uploads\/2019\/07\/joker-logo.svg","width":1,"height":1,"caption":"Joker"},"image":{"@id":"https:\/\/joker.hr\/#\/schema\/logo\/image\/"},"sameAs":["https:\/\/www.facebook.com\/jokersplit\/?ref=br_rs"]},{"@type":"Person","@id":"https:\/\/joker.hr\/#\/schema\/person\/8af80cfeb69f4da6e5031475c7fd08d0","name":"Tanja Jadre\u0161i\u0107","image":{"@type":"ImageObject","inLanguage":"en-US","@id":"https:\/\/joker.hr\/#\/schema\/person\/image\/","url":"https:\/\/joker.hr\/wp-content\/wphb-cache\/gravatar\/9dd\/9dd24e6edaa5e0936f2c73cc64689ba9x96.jpg","contentUrl":"https:\/\/joker.hr\/wp-content\/wphb-cache\/gravatar\/9dd\/9dd24e6edaa5e0936f2c73cc64689ba9x96.jpg","caption":"Tanja Jadre\u0161i\u0107"},"url":"https:\/\/joker.hr\/en\/novosti\/author\/tanja\/"}]}},"_links":{"self":[{"href":"https:\/\/joker.hr\/en\/wp-json\/wp\/v2\/posts\/28289","targetHints":{"allow":["GET"]}}],"collection":[{"href":"https:\/\/joker.hr\/en\/wp-json\/wp\/v2\/posts"}],"about":[{"href":"https:\/\/joker.hr\/en\/wp-json\/wp\/v2\/types\/post"}],"author":[{"embeddable":true,"href":"https:\/\/joker.hr\/en\/wp-json\/wp\/v2\/users\/3"}],"replies":[{"embeddable":true,"href":"https:\/\/joker.hr\/en\/wp-json\/wp\/v2\/comments?post=28289"}],"version-history":[{"count":0,"href":"https:\/\/joker.hr\/en\/wp-json\/wp\/v2\/posts\/28289\/revisions"}],"wp:featuredmedia":[{"embeddable":true,"href":"https:\/\/joker.hr\/en\/wp-json\/wp\/v2\/media\/28325"}],"wp:attachment":[{"href":"https:\/\/joker.hr\/en\/wp-json\/wp\/v2\/media?parent=28289"}],"wp:term":[{"taxonomy":"category","embeddable":true,"href":"https:\/\/joker.hr\/en\/wp-json\/wp\/v2\/categories?post=28289"},{"taxonomy":"post_tag","embeddable":true,"href":"https:\/\/joker.hr\/en\/wp-json\/wp\/v2\/tags?post=28289"}],"curies":[{"name":"wp","href":"https:\/\/api.w.org\/{rel}","templated":true}]}}